{"id":3486,"date":"2022-11-10T18:21:36","date_gmt":"2022-11-10T21:21:36","guid":{"rendered":"https:\/\/int6029-sal.infd.edu.ar\/sitio\/?p=3486"},"modified":"2022-11-10T18:34:24","modified_gmt":"2022-11-10T21:34:24","slug":"llamado-a-inscripcion-para-tutorias-del-profesorado-de-educacion-intercultural-bilingue","status":"publish","type":"post","link":"https:\/\/int6029-sal.infd.edu.ar\/sitio\/llamado-a-inscripcion-para-tutorias-del-profesorado-de-educacion-intercultural-bilingue\/","title":{"rendered":"Llamado a inscripci\u00f3n para tutor\u00edas del Profesorado de Educaci\u00f3n Intercultural Biling\u00fce"},"content":{"rendered":"\n<p>En el marco de las L\u00edneas de Financiamiento de las Trayectorias Estudiantiles, se convoca a los alumnos del Profesorado de Educaci\u00f3n Intercultural Biling\u00fce, a la inscripci\u00f3n de tutor\u00edas con el fin de fortalecer el acompa\u00f1amiento acad\u00e9mico y pedag\u00f3gico. <\/p>\n\n\n\n<p>La inscripci\u00f3n puede realizarse de forma virtual a trav\u00e9s del link <a href=\"https:\/\/forms.gle\/CcTHnPqSvoSnJmFa7\">https:\/\/forms.gle\/CcTHnPqSvoSnJmFa7<\/a>  habilitado del 10 al 16 de Noviembre.<\/p>\n\n\n\n<p>Tambi\u00e9n, pueden hacerlo de forma presencial, acerc\u00e1ndose a la Coordinadora Institucional de Pol\u00edticas Estudiantiles; Prof. Alejandra S\u00e1nchez. <\/p>\n\n\n\n<p><\/p>\n","protected":false},"excerpt":{"rendered":"<p>En el marco de las L\u00edneas de Financiamiento de las Trayectorias Estudiantiles, se convoca a los alumnos del Profesorado de Educaci\u00f3n Intercultural Biling\u00fce, a la inscripci\u00f3n de tutor\u00edas con el fin de fortalecer el acompa\u00f1amiento acad\u00e9mico y pedag\u00f3gico. La inscripci\u00f3n puede realizarse de forma virtual a trav\u00e9s del link https:\/\/forms.gle\/CcTHnPqSvoSnJmFa7 habilitado del 10 al 16 &#8230; <a title=\"Llamado a inscripci\u00f3n para tutor\u00edas del Profesorado de Educaci\u00f3n Intercultural Biling\u00fce\" class=\"read-more\" href=\"https:\/\/int6029-sal.infd.edu.ar\/sitio\/llamado-a-inscripcion-para-tutorias-del-profesorado-de-educacion-intercultural-bilingue\/\" aria-label=\"More on Llamado a inscripci\u00f3n para tutor\u00edas del Profesorado de Educaci\u00f3n Intercultural Biling\u00fce\">[+]<\/a><\/p>\n","protected":false},"author":863,"featured_media":0,"comment_status":"open","ping_status":"open","sticky":true,"template":"","format":"standard","meta":[],"categories":[1],"tags":[],"acf":[],"_links":{"self":[{"href":"https:\/\/int6029-sal.infd.edu.ar\/sitio\/wp-json\/wp\/v2\/posts\/3486"}],"collection":[{"href":"https:\/\/int6029-sal.infd.edu.ar\/sitio\/wp-json\/wp\/v2\/posts"}],"about":[{"href":"https:\/\/int6029-sal.infd.edu.ar\/sitio\/wp-json\/wp\/v2\/types\/post"}],"author":[{"embeddable":true,"href":"https:\/\/int6029-sal.infd.edu.ar\/sitio\/wp-json\/wp\/v2\/users\/863"}],"replies":[{"embeddable":true,"href":"https:\/\/int6029-sal.infd.edu.ar\/sitio\/wp-json\/wp\/v2\/comments?post=3486"}],"version-history":[{"count":5,"href":"https:\/\/int6029-sal.infd.edu.ar\/sitio\/wp-json\/wp\/v2\/posts\/3486\/revisions"}],"predecessor-version":[{"id":3492,"href":"https:\/\/int6029-sal.infd.edu.ar\/sitio\/wp-json\/wp\/v2\/posts\/3486\/revisions\/3492"}],"wp:attachment":[{"href":"https:\/\/int6029-sal.infd.edu.ar\/sitio\/wp-json\/wp\/v2\/media?parent=3486"}],"wp:term":[{"taxonomy":"category","embeddable":true,"href":"https:\/\/int6029-sal.infd.edu.ar\/sitio\/wp-json\/wp\/v2\/categories?post=3486"},{"taxonomy":"post_tag","embeddable":true,"href":"https:\/\/int6029-sal.infd.edu.ar\/sitio\/wp-json\/wp\/v2\/tags?post=3486"}],"curies":[{"name":"wp","href":"https:\/\/api.w.org\/{rel}","templated":true}]}}